
{"id":28440,"date":"2025-09-01T12:08:32","date_gmt":"2025-09-01T12:08:32","guid":{"rendered":"https:\/\/staging.daisyjames.eu\/?post_type=collection&#038;p=28440"},"modified":"2026-08-27T20:02:07","modified_gmt":"2026-08-27T20:02:07","slug":"kuecheninspiration","status":"publish","type":"post","link":"https:\/\/daisyjames.eu\/de\/kuecheninspiration\/","title":{"rendered":"Inspirationen K\u00fcche"},"content":{"rendered":"\n<div class=\"wp-block-group has-global-padding is-layout-constrained wp-block-group-is-layout-constrained\"> \n\t\t\t<div \n\t\t\t\tclass=\"wordpress-container !px-0 origin-left w-full m-0 py-[0px] box-border sm:box-border\"\n\t\t\t>\n\t\t\t\t<div\n\t\t\t\t\tclass=\"w-full h-[1px] bg-[#0d181c]\"\n\t\t\t\t><\/div>\n\t\t\t<\/div>\n\t\t\n\n\n<div style=\"height:100px\" aria-hidden=\"true\" class=\"wp-block-spacer\"><\/div>\n<\/div>\n\n\n\n<h2 id=\"h-kuchen-inspiration\" class=\"wp-block-heading\">K\u00fcchen-Inspiration <\/h2>\n\n\n\n<div style=\"height:21px\" aria-hidden=\"true\" class=\"wp-block-spacer\"><\/div>\n\n\n\n<div class=\"wp-block-group alignwide has-global-padding is-layout-constrained wp-container-core-group-is-layout-8414bb2f wp-block-group-is-layout-constrained\" style=\"padding-bottom:var(--wp--preset--spacing--xxxxxxxxxl)\">\n<div class=\"wp-block-columns is-layout-flex wp-container-core-columns-is-layout-a12b0248 wp-block-columns-is-layout-flex\">\n<div class=\"wp-block-column is-layout-flow wp-block-column-is-layout-flow\">\n<h3 id=\"h-in-der-kuche-wird-die-funktion-zur-form-ein-raum-in-dem-das-design-die-rituale-des-taglichen-lebens-unterstutzt\" class=\"wp-block-heading\">\u201eIn der K\u00fcche wird die Funktion zur Form \u2013 ein Raum, in dem das Design die Rituale des t\u00e4glichen Lebens unterst\u00fctzt.\u201c<\/h3>\n\n\n\n<p class=\"wp-block-paragraph\">Die K\u00fcche ist mehr als nur ein Ort zum Kochen. Sie ist das Herz des Zuhauses, wo Menschen zusammenkommen, Momente teilen und Erinnerungen schaffen. Eine gut gestaltete K\u00fcche verbindet Funktionalit\u00e4t mit Atmosph\u00e4re und schafft einen Raum, der sowohl praktisch als auch inspirierend wirkt. Bei <strong>daisy james<\/strong> glauben wir, dass jede K\u00fcche ihre eigene Identit\u00e4t verdient.   <\/p>\n\n\n\n<p class=\"wp-block-paragraph\">Die perfekte K\u00fcche zu gestalten, gleicht der Zubereitung eines raffinierten Gerichts. Es erfordert die richtigen Zutaten, ein Gef\u00fchl f\u00fcr Ausgewogenheit und die Kreativit\u00e4t, alles harmonisch zusammenzuf\u00fchren. Bei <strong>daisy james<\/strong> werden Wandverkleidungen, unverwechselbare Stile und Akustikl\u00f6sungen Teil dieser Komposition. Kombiniert mit Ihrem pers\u00f6nlichen Geschmack schaffen sie eine K\u00fcche, die nicht nur funktional, sondern auch elegant, zeitlos und voller Charakter ist.   <\/p>\n\n\n\n<div style=\"height:65px\" aria-hidden=\"true\" class=\"wp-block-spacer\"><\/div>\n\n\n\n<figure class=\"wp-block-gallery has-nested-images columns-default is-cropped wp-block-gallery-1 is-layout-flex wp-block-gallery-is-layout-flex\">\n<figure class=\"wp-block-image size-full\"><img loading=\"lazy\" decoding=\"async\" width=\"1920\" height=\"2560\" data-id=\"3679\" src=\"https:\/\/daisyjames.eu\/wp-content\/uploads\/2024\/07\/dj261-the-ring-1-scaled.jpg\" alt=\"\" class=\"wp-image-3679\" srcset=\"https:\/\/daisyjames.eu\/wp-content\/uploads\/2024\/07\/dj261-the-ring-1-scaled.jpg 1920w, https:\/\/daisyjames.eu\/wp-content\/uploads\/2024\/07\/dj261-the-ring-1-scaled-225x300.jpg 225w, https:\/\/daisyjames.eu\/wp-content\/uploads\/2024\/07\/dj261-the-ring-1-scaled-768x1024.jpg 768w, https:\/\/daisyjames.eu\/wp-content\/uploads\/2024\/07\/dj261-the-ring-1-scaled-1152x1536.jpg 1152w, https:\/\/daisyjames.eu\/wp-content\/uploads\/2024\/07\/dj261-the-ring-1-scaled-1536x2048.jpg 1536w, https:\/\/daisyjames.eu\/wp-content\/uploads\/2024\/07\/dj261-the-ring-1-scaled-1200x1600.jpg 1200w, https:\/\/daisyjames.eu\/wp-content\/uploads\/2024\/07\/dj261-the-ring-1-scaled-600x800.jpg 600w\" sizes=\"auto, (max-width: 1920px) 100vw, 1920px\" \/><\/figure>\n<\/figure>\n<\/div>\n<\/div>\n\n\n\n<div style=\"height:18px\" aria-hidden=\"true\" class=\"wp-block-spacer\"><\/div>\n\n\n\n<div class=\"wp-block-group alignwide has-global-padding is-layout-constrained wp-block-group-is-layout-constrained\">\n<div class=\"wp-block-group has-global-padding is-layout-constrained wp-block-group-is-layout-constrained\">\n<h2 id=\"h-neutrale-tone-amp-naturliche-texturen\" class=\"wp-block-heading has-xxxxxl-font-size\" style=\"line-height:1.5\">NEUTRALE T\u00d6NE &amp; NAT\u00dcRLICHE TEXTUREN<\/h2>\n\n\n\n<h3 id=\"h-ausgewogenheit-von-subtilitat-und-ausdruck-in-der-kuche\" class=\"wp-block-heading\">Ausgewogenheit von Subtilit\u00e4t und Ausdruck in der K\u00fcche<\/h3>\n\n\n\n<p class=\"wp-block-paragraph\">Neutrale T\u00f6ne und nat\u00fcrliche Texturen bilden eine vielseitige Grundlage f\u00fcr die K\u00fcche, w\u00e4hrend ausdrucksstarke Muster und Oberfl\u00e4chendetails Charakter und Tiefe verleihen. Dank dieser Ausgewogenheit wirkt der Raum sowohl ruhig als auch unverwechselbar, wobei Wandverkleidungen entweder das Gesamtdesign unterst\u00fctzen oder zu einem bestimmenden visuellen Element werden k\u00f6nnen. Das Ergebnis ist eine K\u00fcche, die vielschichtig, raffiniert und visuell ansprechend ist.  <\/p>\n\n\n\n<div style=\"height:21px\" aria-hidden=\"true\" class=\"wp-block-spacer\"><\/div>\n\n\n\n<div class=\"wp-block-columns is-layout-flex wp-container-core-columns-is-layout-02690d6a wp-block-columns-is-layout-flex\">\n<div class=\"wp-block-column is-layout-flow wp-block-column-is-layout-flow\">\n<figure class=\"wp-block-gallery has-nested-images columns-default is-cropped wp-block-gallery-2 is-layout-flex wp-block-gallery-is-layout-flex\">\n<figure class=\"wp-block-image size-full\"><img loading=\"lazy\" decoding=\"async\" width=\"1992\" height=\"2560\" data-id=\"3631\" src=\"https:\/\/daisyjames.eu\/wp-content\/uploads\/2024\/07\/dj255-the-loom-beige-2-scaled.jpg\" alt=\"\" class=\"wp-image-3631\" srcset=\"https:\/\/daisyjames.eu\/wp-content\/uploads\/2024\/07\/dj255-the-loom-beige-2-scaled.jpg 1992w, https:\/\/daisyjames.eu\/wp-content\/uploads\/2024\/07\/dj255-the-loom-beige-2-scaled-233x300.jpg 233w, https:\/\/daisyjames.eu\/wp-content\/uploads\/2024\/07\/dj255-the-loom-beige-2-scaled-797x1024.jpg 797w, https:\/\/daisyjames.eu\/wp-content\/uploads\/2024\/07\/dj255-the-loom-beige-2-scaled-768x987.jpg 768w, https:\/\/daisyjames.eu\/wp-content\/uploads\/2024\/07\/dj255-the-loom-beige-2-scaled-1195x1536.jpg 1195w, https:\/\/daisyjames.eu\/wp-content\/uploads\/2024\/07\/dj255-the-loom-beige-2-scaled-1594x2048.jpg 1594w, https:\/\/daisyjames.eu\/wp-content\/uploads\/2024\/07\/dj255-the-loom-beige-2-scaled-1200x1542.jpg 1200w, https:\/\/daisyjames.eu\/wp-content\/uploads\/2024\/07\/dj255-the-loom-beige-2-scaled-600x771.jpg 600w\" sizes=\"auto, (max-width: 1992px) 100vw, 1992px\" \/><\/figure>\n<\/figure>\n<\/div>\n\n\n\n<div class=\"wp-block-column is-layout-flow wp-block-column-is-layout-flow\">\n<div class=\"wp-block-group is-layout-grid wp-container-core-group-is-layout-3a3a0d9d wp-block-group-is-layout-grid\">\n<figure class=\"wp-block-image size-large\"><img loading=\"lazy\" decoding=\"async\" width=\"683\" height=\"1024\" src=\"https:\/\/daisyjames.eu\/wp-content\/uploads\/2024\/07\/dj317-the-mocha-1-scaled-683x1024.jpg\" alt=\"\" class=\"wp-image-3884\" style=\"aspect-ratio:2\/3;object-fit:cover\" srcset=\"https:\/\/daisyjames.eu\/wp-content\/uploads\/2024\/07\/dj317-the-mocha-1-scaled-683x1024.jpg 683w, https:\/\/daisyjames.eu\/wp-content\/uploads\/2024\/07\/dj317-the-mocha-1-scaled-200x300.jpg 200w, https:\/\/daisyjames.eu\/wp-content\/uploads\/2024\/07\/dj317-the-mocha-1-scaled-768x1152.jpg 768w, https:\/\/daisyjames.eu\/wp-content\/uploads\/2024\/07\/dj317-the-mocha-1-scaled-1024x1536.jpg 1024w, https:\/\/daisyjames.eu\/wp-content\/uploads\/2024\/07\/dj317-the-mocha-1-scaled-1366x2048.jpg 1366w, https:\/\/daisyjames.eu\/wp-content\/uploads\/2024\/07\/dj317-the-mocha-1-scaled-1200x1800.jpg 1200w, https:\/\/daisyjames.eu\/wp-content\/uploads\/2024\/07\/dj317-the-mocha-1-scaled-600x900.jpg 600w, https:\/\/daisyjames.eu\/wp-content\/uploads\/2024\/07\/dj317-the-mocha-1-scaled.jpg 1707w\" sizes=\"auto, (max-width: 683px) 100vw, 683px\" \/><\/figure>\n\n\n\n<figure class=\"wp-block-gallery has-nested-images columns-default is-cropped wp-block-gallery-3 is-layout-flex wp-block-gallery-is-layout-flex\">\n<figure class=\"wp-block-image size-large\"><img decoding=\"async\" data-id=\"44142\" src=\"https:\/\/daisyjames.eu\/wp-content\/uploads\/2024\/07\/dj61-the-wooden-face-2-scaled-684x1024.jpg\" alt=\"\" class=\"wp-image-44142\"\/><\/figure>\n<\/figure>\n<\/div>\n\n\n\n<p class=\"wp-block-paragraph\">\u201eMit daisy james wird die K\u00fcche zu einem koh\u00e4renten Raum, in dem Materialien und Oberfl\u00e4chen m\u00fchelos zusammenwirken. Wandverkleidungen f\u00fcgen dem Interieur eine weitere Ebene hinzu, die Farbe, Textur und Architektur verbindet und dem Raum gleichzeitig eine eigene Identit\u00e4t verleiht. Subtil oder ausdrucksstark wird sie Teil der Komposition, anstatt nur eine dekorative Oberfl\u00e4che zu sein.\u201c<\/p>\n<\/div>\n<\/div>\n<\/div>\n<\/div>\n\n\n\n<div style=\"height:87px\" aria-hidden=\"true\" class=\"wp-block-spacer\"><\/div>\n\n\n\n<div class=\"wp-block-group has-global-padding is-layout-constrained wp-block-group-is-layout-constrained\" style=\"margin-top:var(--wp--preset--spacing--xxxxxl);margin-bottom:0\">\n<h2 id=\"h-naturliche-gruntone\" class=\"wp-block-heading has-xxxxxl-font-size\">NAT\u00dcRLICHE GR\u00dcNT\u00d6NE<\/h2>\n\n\n\n<p class=\"wp-block-paragraph\">Tiefe und Charakter f\u00fcr moderne K\u00fcchen<\/p>\n\n\n\n<div style=\"height:21px\" aria-hidden=\"true\" class=\"wp-block-spacer\"><\/div>\n\n\n\n<figure class=\"wp-block-image size-full\"><img loading=\"lazy\" decoding=\"async\" width=\"2560\" height=\"1705\" src=\"https:\/\/daisyjames.eu\/wp-content\/uploads\/2024\/07\/dj316-the-grand-1-scaled.jpg\" alt=\"\" class=\"wp-image-3889\" srcset=\"https:\/\/daisyjames.eu\/wp-content\/uploads\/2024\/07\/dj316-the-grand-1-scaled.jpg 2560w, https:\/\/daisyjames.eu\/wp-content\/uploads\/2024\/07\/dj316-the-grand-1-scaled-300x200.jpg 300w, https:\/\/daisyjames.eu\/wp-content\/uploads\/2024\/07\/dj316-the-grand-1-scaled-1024x682.jpg 1024w, https:\/\/daisyjames.eu\/wp-content\/uploads\/2024\/07\/dj316-the-grand-1-scaled-768x512.jpg 768w, https:\/\/daisyjames.eu\/wp-content\/uploads\/2024\/07\/dj316-the-grand-1-scaled-1536x1023.jpg 1536w, https:\/\/daisyjames.eu\/wp-content\/uploads\/2024\/07\/dj316-the-grand-1-scaled-2048x1364.jpg 2048w, https:\/\/daisyjames.eu\/wp-content\/uploads\/2024\/07\/dj316-the-grand-1-scaled-1200x799.jpg 1200w, https:\/\/daisyjames.eu\/wp-content\/uploads\/2024\/07\/dj316-the-grand-1-scaled-600x400.jpg 600w\" sizes=\"auto, (max-width: 2560px) 100vw, 2560px\" \/><\/figure>\n\n\n\n<div style=\"height:1px\" aria-hidden=\"true\" class=\"wp-block-spacer\"><\/div>\n\n\n\n<div class=\"wp-block-columns is-layout-flex wp-container-core-columns-is-layout-02690d6a wp-block-columns-is-layout-flex\">\n<div class=\"wp-block-column is-layout-flow wp-block-column-is-layout-flow\">\n<figure class=\"wp-block-image size-full\"><img loading=\"lazy\" decoding=\"async\" width=\"1707\" height=\"960\" src=\"https:\/\/daisyjames.eu\/wp-content\/uploads\/2026\/08\/dj298-the-sage-2-scaled-edited.jpg\" alt=\"\" class=\"wp-image-43695\" srcset=\"https:\/\/daisyjames.eu\/wp-content\/uploads\/2026\/08\/dj298-the-sage-2-scaled-edited.jpg 1707w, https:\/\/daisyjames.eu\/wp-content\/uploads\/2026\/08\/dj298-the-sage-2-scaled-edited-300x169.jpg 300w, https:\/\/daisyjames.eu\/wp-content\/uploads\/2026\/08\/dj298-the-sage-2-scaled-edited-1024x576.jpg 1024w, https:\/\/daisyjames.eu\/wp-content\/uploads\/2026\/08\/dj298-the-sage-2-scaled-edited-768x432.jpg 768w, https:\/\/daisyjames.eu\/wp-content\/uploads\/2026\/08\/dj298-the-sage-2-scaled-edited-1536x864.jpg 1536w, https:\/\/daisyjames.eu\/wp-content\/uploads\/2026\/08\/dj298-the-sage-2-scaled-edited-1200x675.jpg 1200w, https:\/\/daisyjames.eu\/wp-content\/uploads\/2026\/08\/dj298-the-sage-2-scaled-edited-600x337.jpg 600w\" sizes=\"auto, (max-width: 1707px) 100vw, 1707px\" \/><\/figure>\n<\/div>\n\n\n\n<div class=\"wp-block-column is-layout-flow wp-block-column-is-layout-flow\">\n<figure class=\"wp-block-image size-large\"><img decoding=\"async\" src=\"https:\/\/daisyjames.eu\/wp-content\/uploads\/2026\/08\/DJ298-The-Sage-3a-edited-1024x576.jpg\" alt=\"\" class=\"wp-image-44138\"\/><\/figure>\n<\/div>\n<\/div>\n<\/div>\n\n\n\n<div style=\"height:40px\" aria-hidden=\"true\" class=\"wp-block-spacer\"><\/div>\n\n\n\n<div class=\"wp-block-group has-global-padding is-layout-constrained wp-block-group-is-layout-constrained\">\n<div class=\"wp-block-group has-global-padding is-layout-constrained wp-block-group-is-layout-constrained\">\n<div class=\"wp-block-group has-global-padding is-layout-constrained wp-block-group-is-layout-constrained\">\n<h2 id=\"h-design-mit-personlichkeit\" class=\"wp-block-heading\">DESIGN MIT PERS\u00d6NLICHKEIT<\/h2>\n\n\n\n<h3 id=\"h-wandverkleidungen-die-der-kuche-eine-eigene-identitat-verleihen\" class=\"wp-block-heading\">Wandverkleidungen, die der K\u00fcche eine eigene Identit\u00e4t verleihen<\/h3>\n\n\n\n<p class=\"wp-block-paragraph\" id=\"h-wallcoverings-that-give-the-kitchen-its-own-identitypatterns-and-contemporary-colours-introduce-a-strong-sense-of-identity-within-the-kitchen-from-bold-graphic-compositions-to-more-intricate-layered-designs-these-wallcoverings-act-as-a-focal-point-that-contrasts-with-clean-architectural-lines-they-bring-rhythm-energy-and-individuality-to-the-space-transforming-the-kitchen-into-a-more-expressive-and-distinctive-interior\">Muster und moderne Farben verleihen der K\u00fcche eine starke Identit\u00e4t. Von k\u00fchnen, grafischen Kompositionen bis hin zu komplizierteren, mehrschichtigen Designs bilden diese Wandbel\u00e4ge einen Schwerpunkt, der einen Kontrast zu den klaren architektonischen Linien bildet. Sie bringen Rhythmus, Energie und Individualit\u00e4t in den Raum und verwandeln die K\u00fcche in eine ausdrucksstarke und unverwechselbare Einrichtung.  <\/p>\n\n\n\n<div style=\"height:21px\" aria-hidden=\"true\" class=\"wp-block-spacer\"><\/div>\n\n\n\n<div class=\"wp-block-group has-global-padding is-layout-constrained wp-block-group-is-layout-constrained\">\n<div class=\"wp-block-columns is-layout-flex wp-container-core-columns-is-layout-02690d6a wp-block-columns-is-layout-flex\">\n<div class=\"wp-block-column is-vertically-aligned-stretch is-layout-flow wp-block-column-is-layout-flow\">\n<figure class=\"wp-block-gallery has-nested-images columns-default is-cropped wp-block-gallery-4 is-layout-flex wp-block-gallery-is-layout-flex\">\n<figure class=\"wp-block-image size-large\"><img loading=\"lazy\" decoding=\"async\" width=\"1024\" height=\"1024\" data-id=\"43665\" src=\"https:\/\/daisyjames.eu\/wp-content\/uploads\/2026\/08\/DJ382-The-Bliss-naturel-red-2S-edited-1024x1024.jpg\" alt=\"\" class=\"wp-image-43665\" style=\"object-fit:cover\" srcset=\"https:\/\/daisyjames.eu\/wp-content\/uploads\/2026\/08\/DJ382-The-Bliss-naturel-red-2S-edited-1024x1024.jpg 1024w, https:\/\/daisyjames.eu\/wp-content\/uploads\/2026\/08\/DJ382-The-Bliss-naturel-red-2S-edited-300x300.jpg 300w, https:\/\/daisyjames.eu\/wp-content\/uploads\/2026\/08\/DJ382-The-Bliss-naturel-red-2S-edited-150x150.jpg 150w, https:\/\/daisyjames.eu\/wp-content\/uploads\/2026\/08\/DJ382-The-Bliss-naturel-red-2S-edited-768x768.jpg 768w, https:\/\/daisyjames.eu\/wp-content\/uploads\/2026\/08\/DJ382-The-Bliss-naturel-red-2S-edited-1536x1536.jpg 1536w, https:\/\/daisyjames.eu\/wp-content\/uploads\/2026\/08\/DJ382-The-Bliss-naturel-red-2S-edited-1200x1200.jpg 1200w, https:\/\/daisyjames.eu\/wp-content\/uploads\/2026\/08\/DJ382-The-Bliss-naturel-red-2S-edited-600x600.jpg 600w, https:\/\/daisyjames.eu\/wp-content\/uploads\/2026\/08\/DJ382-The-Bliss-naturel-red-2S-edited-100x100.jpg 100w, https:\/\/daisyjames.eu\/wp-content\/uploads\/2026\/08\/DJ382-The-Bliss-naturel-red-2S-edited.jpg 1950w\" sizes=\"auto, (max-width: 1024px) 100vw, 1024px\" \/><\/figure>\n<\/figure>\n<\/div>\n\n\n\n<div class=\"wp-block-column is-layout-flow wp-block-column-is-layout-flow\">\n<figure class=\"wp-block-image size-full\"><img loading=\"lazy\" decoding=\"async\" width=\"1688\" height=\"2560\" src=\"https:\/\/daisyjames.eu\/wp-content\/uploads\/2026\/07\/DJ409-the-rowan-kitchen-interior-scaled.jpg\" alt=\"The Rowan designer wallcover creating warmth and character in a modern kitchen interior.\" class=\"wp-image-41912\" style=\"aspect-ratio:1;object-fit:cover\" srcset=\"https:\/\/daisyjames.eu\/wp-content\/uploads\/2026\/07\/DJ409-the-rowan-kitchen-interior-scaled.jpg 1688w, https:\/\/daisyjames.eu\/wp-content\/uploads\/2026\/07\/DJ409-the-rowan-kitchen-interior-198x300.jpg 198w, https:\/\/daisyjames.eu\/wp-content\/uploads\/2026\/07\/DJ409-the-rowan-kitchen-interior-675x1024.jpg 675w, https:\/\/daisyjames.eu\/wp-content\/uploads\/2026\/07\/DJ409-the-rowan-kitchen-interior-768x1165.jpg 768w, https:\/\/daisyjames.eu\/wp-content\/uploads\/2026\/07\/DJ409-the-rowan-kitchen-interior-1013x1536.jpg 1013w, https:\/\/daisyjames.eu\/wp-content\/uploads\/2026\/07\/DJ409-the-rowan-kitchen-interior-1350x2048.jpg 1350w, https:\/\/daisyjames.eu\/wp-content\/uploads\/2026\/07\/DJ409-the-rowan-kitchen-interior-1200x1820.jpg 1200w, https:\/\/daisyjames.eu\/wp-content\/uploads\/2026\/07\/DJ409-the-rowan-kitchen-interior-600x910.jpg 600w\" sizes=\"auto, (max-width: 1688px) 100vw, 1688px\" \/><\/figure>\n<\/div>\n<\/div>\n\n\n\n<div class=\"wp-block-columns is-layout-flex wp-container-core-columns-is-layout-02690d6a wp-block-columns-is-layout-flex\">\n<div class=\"wp-block-column is-layout-flow wp-block-column-is-layout-flow\">\n<figure class=\"wp-block-image size-large\"><img loading=\"lazy\" decoding=\"async\" width=\"1024\" height=\"970\" src=\"https:\/\/daisyjames.eu\/wp-content\/uploads\/2026\/02\/DJ400-The-Coral-2a-1024x970.jpg\" alt=\"Die nahtlose Wandverkleidung \u201eCoral\u201c in einer modernen, offen gestalteten K\u00fcche mit Wohnbereich von Daisy James.\" class=\"wp-image-35394\" style=\"aspect-ratio:1;object-fit:cover\" srcset=\"https:\/\/daisyjames.eu\/wp-content\/uploads\/2026\/02\/DJ400-The-Coral-2a-1024x970.jpg 1024w, https:\/\/daisyjames.eu\/wp-content\/uploads\/2026\/02\/DJ400-The-Coral-2a-300x284.jpg 300w, https:\/\/daisyjames.eu\/wp-content\/uploads\/2026\/02\/DJ400-The-Coral-2a-768x727.jpg 768w, https:\/\/daisyjames.eu\/wp-content\/uploads\/2026\/02\/DJ400-The-Coral-2a-1536x1455.jpg 1536w, https:\/\/daisyjames.eu\/wp-content\/uploads\/2026\/02\/DJ400-The-Coral-2a-2048x1940.jpg 2048w, https:\/\/daisyjames.eu\/wp-content\/uploads\/2026\/02\/DJ400-The-Coral-2a-1200x1137.jpg 1200w, https:\/\/daisyjames.eu\/wp-content\/uploads\/2026\/02\/DJ400-The-Coral-2a-600x568.jpg 600w\" sizes=\"auto, (max-width: 1024px) 100vw, 1024px\" \/><\/figure>\n<\/div>\n\n\n\n<div class=\"wp-block-column is-layout-flow wp-block-column-is-layout-flow\">\n<figure class=\"wp-block-image size-large\"><img loading=\"lazy\" decoding=\"async\" width=\"2560\" height=\"2560\" src=\"https:\/\/daisyjames.eu\/wp-content\/uploads\/2026\/08\/DJ379-The-Vela-2-edited-scaled.jpg\" alt=\"\" class=\"wp-image-43670\" style=\"aspect-ratio:1;object-fit:cover\" srcset=\"https:\/\/daisyjames.eu\/wp-content\/uploads\/2026\/08\/DJ379-The-Vela-2-edited-scaled.jpg 2560w, https:\/\/daisyjames.eu\/wp-content\/uploads\/2026\/08\/DJ379-The-Vela-2-edited-300x300.jpg 300w, https:\/\/daisyjames.eu\/wp-content\/uploads\/2026\/08\/DJ379-The-Vela-2-edited-1024x1024.jpg 1024w, https:\/\/daisyjames.eu\/wp-content\/uploads\/2026\/08\/DJ379-The-Vela-2-edited-150x150.jpg 150w, https:\/\/daisyjames.eu\/wp-content\/uploads\/2026\/08\/DJ379-The-Vela-2-edited-768x768.jpg 768w, https:\/\/daisyjames.eu\/wp-content\/uploads\/2026\/08\/DJ379-The-Vela-2-edited-1536x1536.jpg 1536w, https:\/\/daisyjames.eu\/wp-content\/uploads\/2026\/08\/DJ379-The-Vela-2-edited-2048x2048.jpg 2048w, https:\/\/daisyjames.eu\/wp-content\/uploads\/2026\/08\/DJ379-The-Vela-2-edited-1200x1200.jpg 1200w, https:\/\/daisyjames.eu\/wp-content\/uploads\/2026\/08\/DJ379-The-Vela-2-edited-600x600.jpg 600w, https:\/\/daisyjames.eu\/wp-content\/uploads\/2026\/08\/DJ379-The-Vela-2-edited-100x100.jpg 100w\" sizes=\"auto, (max-width: 2560px) 100vw, 2560px\" \/><\/figure>\n<\/div>\n<\/div>\n<\/div>\n<\/div>\n<\/div>\n<\/div>\n\n\n\n<div style=\"height:5px\" aria-hidden=\"true\" class=\"wp-block-spacer\"><\/div>\n\n\n\n<div class=\"wp-block-group has-global-padding is-layout-constrained wp-block-group-is-layout-constrained\">\n<div class=\"wp-block-group has-global-padding is-layout-constrained wp-block-group-is-layout-constrained\">\n<h2 id=\"h-kuhne-wandverkleidungen\" class=\"wp-block-heading\">K\u00dcHNE WANDVERKLEIDUNGEN<\/h2>\n\n\n\n<h3 id=\"h-wo-die-kuche-zum-statement-wird\" class=\"wp-block-heading\">Wo die K\u00fcche zum Statement wird<\/h3>\n\n\n\n<div style=\"height:21px\" aria-hidden=\"true\" class=\"wp-block-spacer\"><\/div>\n\n\n\n<figure class=\"wp-block-gallery has-nested-images columns-default is-cropped wp-block-gallery-5 is-layout-flex wp-block-gallery-is-layout-flex\">\n<figure class=\"wp-block-image size-large\"><img loading=\"lazy\" decoding=\"async\" width=\"2424\" height=\"2424\" data-id=\"44675\" src=\"https:\/\/daisyjames.eu\/wp-content\/uploads\/2026\/08\/dj343-the-plenty-1-scaled-edited.jpg\" alt=\"\" class=\"wp-image-44675\" srcset=\"https:\/\/daisyjames.eu\/wp-content\/uploads\/2026\/08\/dj343-the-plenty-1-scaled-edited.jpg 2424w, https:\/\/daisyjames.eu\/wp-content\/uploads\/2026\/08\/dj343-the-plenty-1-scaled-edited-300x300.jpg 300w, https:\/\/daisyjames.eu\/wp-content\/uploads\/2026\/08\/dj343-the-plenty-1-scaled-edited-1024x1024.jpg 1024w, https:\/\/daisyjames.eu\/wp-content\/uploads\/2026\/08\/dj343-the-plenty-1-scaled-edited-150x150.jpg 150w, https:\/\/daisyjames.eu\/wp-content\/uploads\/2026\/08\/dj343-the-plenty-1-scaled-edited-768x768.jpg 768w, https:\/\/daisyjames.eu\/wp-content\/uploads\/2026\/08\/dj343-the-plenty-1-scaled-edited-1536x1536.jpg 1536w, https:\/\/daisyjames.eu\/wp-content\/uploads\/2026\/08\/dj343-the-plenty-1-scaled-edited-2048x2048.jpg 2048w, https:\/\/daisyjames.eu\/wp-content\/uploads\/2026\/08\/dj343-the-plenty-1-scaled-edited-1200x1200.jpg 1200w, https:\/\/daisyjames.eu\/wp-content\/uploads\/2026\/08\/dj343-the-plenty-1-scaled-edited-600x600.jpg 600w, https:\/\/daisyjames.eu\/wp-content\/uploads\/2026\/08\/dj343-the-plenty-1-scaled-edited-100x100.jpg 100w\" sizes=\"auto, (max-width: 2424px) 100vw, 2424px\" \/><\/figure>\n<\/figure>\n\n\n\n<div style=\"height:1px\" aria-hidden=\"true\" class=\"wp-block-spacer\"><\/div>\n\n\n\n<div class=\"wp-block-columns is-layout-flex wp-container-core-columns-is-layout-02690d6a wp-block-columns-is-layout-flex\">\n<div class=\"wp-block-column is-layout-flow wp-block-column-is-layout-flow\">\n<p class=\"wp-block-paragraph\">K\u00fchne Wandverkleidungen verwandeln die K\u00fcche in einen Raum voller Ausdruck und visueller Wirkung. Gro\u00dffl\u00e4chige Designs, leuchtende Farben und k\u00fcnstlerische Kompositionen stehen im Mittelpunkt und machen die W\u00e4nde zu bestimmenden Elementen der Einrichtung. Anstatt sich zu integrieren, schaffen diese Oberfl\u00e4chen Kontraste, Energie und eine starke Identit\u00e4t und machen die K\u00fcche zu einem integralen und unvergesslichen Teil des Gesamtdesigns.  <\/p>\n<\/div>\n\n\n\n<div class=\"wp-block-column is-layout-flow wp-block-column-is-layout-flow\">\n<figure class=\"wp-block-gallery has-nested-images columns-default is-cropped wp-block-gallery-6 is-layout-flex wp-block-gallery-is-layout-flex\">\n<figure class=\"wp-block-image size-large\"><img decoding=\"async\" data-id=\"44700\" src=\"https:\/\/daisyjames.eu\/wp-content\/uploads\/2026\/08\/DJ366-The-AVA-1a-edited-683x1024.jpg\" alt=\"\" class=\"wp-image-44700\"\/><\/figure>\n<\/figure>\n<\/div>\n\n\n\n<div class=\"wp-block-column is-layout-flow wp-block-column-is-layout-flow\">\n<figure class=\"wp-block-gallery has-nested-images columns-default is-cropped wp-block-gallery-7 is-layout-flex wp-block-gallery-is-layout-flex\">\n<figure class=\"wp-block-image size-large\"><img decoding=\"async\" data-id=\"44699\" src=\"https:\/\/daisyjames.eu\/wp-content\/uploads\/2026\/08\/DJ15-Pink-Delft-1u-edited-683x1024.jpg\" alt=\"\" class=\"wp-image-44699\"\/><\/figure>\n<\/figure>\n<\/div>\n<\/div>\n<\/div>\n\n\n\n<div style=\"height:2px\" aria-hidden=\"true\" class=\"wp-block-spacer\"><\/div>\n<\/div>\n\n\n\n<div style=\"height:49px\" aria-hidden=\"true\" class=\"wp-block-spacer\"><\/div>\n\n\n\n<div class=\"wp-block-group has-global-padding is-layout-constrained wp-block-group-is-layout-constrained\">\n<h2 id=\"h-wandverkleidung-in-der-kuche-was-ist-zu-beachten\" class=\"wp-block-heading has-xxxxxl-font-size\">WANDVERKLEIDUNG IN DER K\u00dcCHE \u2013 WAS IST ZU BEACHTEN?<\/h2>\n\n\n\n<h3 id=\"h-ist-daisy-james-wandverkleidung-fur-kuchen-geeignet\" class=\"wp-block-heading\">IST DAISY JAMES WANDVERKLEIDUNG F\u00dcR K\u00dcCHEN GEEIGNET?<\/h3>\n\n\n\n<p class=\"wp-block-paragraph\" id=\"h-is-daisy-james-wallcovering-suitable-for-bathrooms-yes-our-wallcoverings-can-be-applied-in-bathrooms-for-damp-areas-we-recommend-professional-installation-and-the-right-materials-to-ensure-durability\">Ja. Wandverkleidungen k\u00f6nnen in K\u00fcchen wundersch\u00f6n eingesetzt werden, vorausgesetzt, das Material ist f\u00fcr den Standort geeignet und korrekt installiert. Die richtige Wahl h\u00e4ngt von Faktoren wie Feuchtigkeit, Hitze und dem beabsichtigten Einsatzbereich ab.  <\/p>\n\n\n\n<h3 id=\"h-kann-wandverkleidung-in-der-nahe-einer-arbeitsplatte-oder-eines-kochbereichs-verwendet-werden\" class=\"wp-block-heading\">KANN WANDVERKLEIDUNG IN DER N\u00c4HE EINER ARBEITSPLATTE ODER EINES KOCHBEREICHS VERWENDET WERDEN?<\/h3>\n\n\n\n<p class=\"wp-block-paragraph\" id=\"h-can-wallcovering-be-used-in-small-bathrooms-absolutely-our-seamless-wallcoverings-can-make-even-small-spaces-feel-larger-and-more-harmonious\">Ja, abh\u00e4ngig vom Material und dem genauen Standort. Bereiche, die h\u00e4ufig Spritzern, Hitze oder intensiver Reinigung ausgesetzt sind, erfordern m\u00f6glicherweise zus\u00e4tzliche \u00dcberlegungen. Unser Team ber\u00e4t Sie gerne \u00fcber die am besten geeignete L\u00f6sung f\u00fcr Ihr Projekt.  <\/p>\n\n\n\n<h3 id=\"h-sind-daisy-james-wandbekleidungen-pflegeleicht\" class=\"wp-block-heading\">SIND DAISY JAMES WANDBEKLEIDUNGEN PFLEGELEICHT?<\/h3>\n\n\n\n<p class=\"wp-block-paragraph\" id=\"h-which-wallcovering-works-best-in-a-bathroom-we-offer-seven-distinctive-collections-each-with-unique-designs-from-serene-and-natural-to-bold-and-artistic\">Ja. Viele unserer Wandverkleidungsmaterialien sind strapazierf\u00e4hig und abwaschbar, wodurch sie f\u00fcr anspruchsvolle Innenr\u00e4ume geeignet sind. Das passende Material und die Reinigungsmethode h\u00e4ngen von der gew\u00e4hlten Oberfl\u00e4che ab.  <\/p>\n\n\n\n<h3 id=\"h-kann-eine-wandverkleidung-auch-in-einer-kleinen-kuche-wirken\" class=\"wp-block-heading\">KANN EINE WANDVERKLEIDUNG AUCH IN EINER KLEINEN K\u00dcCHE WIRKEN?<\/h3>\n\n\n\n<p class=\"wp-block-paragraph\" id=\"h-are-daisy-james-wallcoverings-easy-to-maintain-yes-our-materials-are-project-suitable-and-designed-for-long-term-use-they-can-be-cleaned-with-a-soft-cloth-and-mild-cleaning-solution\">Absolut. Ein gro\u00dffl\u00e4chiges oder ausdrucksstarkes Design kann einer kleinen K\u00fcche Tiefe und Charakter verleihen. Die Gr\u00f6\u00dfe des Musters kann auch im Verh\u00e4ltnis zur Architektur und den Proportionen des Raumes ber\u00fccksichtigt werden.  <\/p>\n\n\n\n<h3 id=\"h-kann-ein-design-fur-ein-kuchenprojekt-individuell-angepasst-werden\" class=\"wp-block-heading\">KANN EIN DESIGN F\u00dcR EIN K\u00dcCHENPROJEKT INDIVIDUELL ANGEPASST WERDEN?<\/h3>\n\n\n\n<p class=\"wp-block-paragraph\">Viele daisy james Designs k\u00f6nnen in Gr\u00f6\u00dfe, Komposition oder Farbe angepasst werden, sodass die Wandverkleidung zu einem integralen Bestandteil der K\u00fcche und des gesamten Einrichtungskonzepts wird.<\/p>\n\n\n\n<h3 id=\"h-arbeiten-sie-mit-architekten-und-interior-designern-zusammen\" class=\"wp-block-heading\">ARBEITEN SIE MIT ARCHITEKTEN UND INTERIOR DESIGNERN ZUSAMMEN?<\/h3>\n\n\n\n<p class=\"wp-block-paragraph\" id=\"h-do-you-work-with-architects-and-interior-designers-yes-we-work-with-architects-interior-designers-and-other-creative-professionals-on-residential-hospitality-and-commercial-projects\">Ja. Wir arbeiten mit Architekten, Innenarchitekten und anderen kreativen Fachleuten an Wohn-, Gastgewerbe- und Gewerbeprojekten zusammen und bieten Materialberatung, Muster und Projektunterst\u00fctzung. <\/p>\n\n\n\n<p class=\"wp-block-paragraph\"><strong><a href=\"https:\/\/daisyjames.eu\/de\/einzelhandler-und-architekten\/\" data-type=\"page\" data-id=\"351\">MATERIALIEN &amp; TECHNISCHE INFORMATIONEN ANSEHEN \u2192<\/a><\/strong><\/p>\n<\/div>\n\n\n\n<div style=\"height:20px\" aria-hidden=\"true\" class=\"wp-block-spacer\"><\/div>\n\n\n\n<div class=\"wp-block-group alignwide has-global-padding is-layout-constrained wp-container-core-group-is-layout-213e05d2 wp-block-group-is-layout-constrained\" style=\"margin-top:var(--wp--preset--spacing--xxxxxxxxxl);margin-bottom:var(--wp--preset--spacing--xxxxxxxxxl)\">\n<h2 id=\"h-finden-sie-ihre-nachste-inspiration\" class=\"wp-block-heading has-xxxxxl-font-size\" style=\"text-transform:uppercase\">FINDEN SIE IHRE N\u00c4CHSTE INSPIRATION:<\/h2>\n\n\n\n<h3 id=\"h-planen-sie-ein-kuchenprojekt\" class=\"wp-block-heading\">PLANEN SIE EIN K\u00dcCHENPROJEKT?<\/h3>\n\n\n\n<p class=\"wp-block-paragraph\" id=\"h-are-daisy-james-wallcoverings-easy-to-maintain-yes-our-materials-are-project-suitable-and-designed-for-long-term-use-they-can-be-cleaned-with-a-soft-cloth-and-mild-cleaning-solution\">Entdecken Sie unsere Materialien, fordern Sie Muster an oder besprechen Sie Ihr Projekt mit unserem Team.<\/p>\n\n\n\n<p class=\"wp-block-paragraph\" id=\"h-explore-architect-amp-designer-resources\"><a href=\"https:\/\/daisyjames.eu\/de\/the-source\/\" data-type=\"page\" data-id=\"43034\">RESSOURCEN F\u00dcR ARCHITEKTEN &amp; DESIGNER ENTDECKEN \u2192<\/a><\/p>\n\n\n\n<div class=\"wp-block-group is-style-custom-grid is-layout-grid wp-container-core-group-is-layout-22738efb wp-block-group-is-layout-grid\">\n<figure class=\"wp-block-image size-large\"><a href=\"https:\/\/daisyjames.eu\/de\/gastfreundschaft-als-inspiration\/\"><img loading=\"lazy\" decoding=\"async\" width=\"1024\" height=\"680\" src=\"https:\/\/daisyjames.eu\/wp-content\/uploads\/2025\/04\/DJ381-The-Noma-1-scaled-2-1024x680.jpg\" alt=\"\" class=\"wp-image-40311\" style=\"aspect-ratio:1;object-fit:cover\" srcset=\"https:\/\/daisyjames.eu\/wp-content\/uploads\/2025\/04\/DJ381-The-Noma-1-scaled-2-1024x680.jpg 1024w, https:\/\/daisyjames.eu\/wp-content\/uploads\/2025\/04\/DJ381-The-Noma-1-scaled-2-300x199.jpg 300w, https:\/\/daisyjames.eu\/wp-content\/uploads\/2025\/04\/DJ381-The-Noma-1-scaled-2-768x510.jpg 768w, https:\/\/daisyjames.eu\/wp-content\/uploads\/2025\/04\/DJ381-The-Noma-1-scaled-2-1536x1020.jpg 1536w, https:\/\/daisyjames.eu\/wp-content\/uploads\/2025\/04\/DJ381-The-Noma-1-scaled-2-2048x1360.jpg 2048w, https:\/\/daisyjames.eu\/wp-content\/uploads\/2025\/04\/DJ381-The-Noma-1-scaled-2-1200x797.jpg 1200w, https:\/\/daisyjames.eu\/wp-content\/uploads\/2025\/04\/DJ381-The-Noma-1-scaled-2-600x398.jpg 600w\" sizes=\"auto, (max-width: 1024px) 100vw, 1024px\" \/><\/a><figcaption class=\"wp-element-caption\">INSPIRATIONEN GASTRONOMIE<\/figcaption><\/figure>\n\n\n\n<figure class=\"wp-block-image size-full\"><a href=\"https:\/\/daisyjames.eu\/de\/inspiration-fuer-den-arbeitsplatz\/\"><img loading=\"lazy\" decoding=\"async\" width=\"991\" height=\"889\" src=\"https:\/\/daisyjames.eu\/wp-content\/uploads\/2025\/09\/DJ263-The-Song-Nol.jpg\" alt=\"\" class=\"wp-image-43809\" style=\"aspect-ratio:1;object-fit:cover\" srcset=\"https:\/\/daisyjames.eu\/wp-content\/uploads\/2025\/09\/DJ263-The-Song-Nol.jpg 991w, https:\/\/daisyjames.eu\/wp-content\/uploads\/2025\/09\/DJ263-The-Song-Nol-300x269.jpg 300w, https:\/\/daisyjames.eu\/wp-content\/uploads\/2025\/09\/DJ263-The-Song-Nol-768x689.jpg 768w, https:\/\/daisyjames.eu\/wp-content\/uploads\/2025\/09\/DJ263-The-Song-Nol-600x538.jpg 600w\" sizes=\"auto, (max-width: 991px) 100vw, 991px\" \/><\/a><figcaption class=\"wp-element-caption\">INSPIRATIONEN ARBEITSPLATZ<\/figcaption><\/figure>\n\n\n\n<figure class=\"wp-block-image size-large wp-duotone-unset-8\"><a href=\"https:\/\/daisyjames.eu\/de\/inspiration-fuer-das-schlafzimmer\/\"><img loading=\"lazy\" decoding=\"async\" width=\"683\" height=\"1024\" src=\"https:\/\/daisyjames.eu\/wp-content\/uploads\/2026\/08\/DJ347-The-Dean-light-3a-edited-683x1024.jpg\" alt=\"\" class=\"wp-image-43798\" style=\"aspect-ratio:1;object-fit:cover\" srcset=\"https:\/\/daisyjames.eu\/wp-content\/uploads\/2026\/08\/DJ347-The-Dean-light-3a-edited-683x1024.jpg 683w, https:\/\/daisyjames.eu\/wp-content\/uploads\/2026\/08\/DJ347-The-Dean-light-3a-edited-200x300.jpg 200w, https:\/\/daisyjames.eu\/wp-content\/uploads\/2026\/08\/DJ347-The-Dean-light-3a-edited-768x1152.jpg 768w, https:\/\/daisyjames.eu\/wp-content\/uploads\/2026\/08\/DJ347-The-Dean-light-3a-edited-1024x1536.jpg 1024w, https:\/\/daisyjames.eu\/wp-content\/uploads\/2026\/08\/DJ347-The-Dean-light-3a-edited-1365x2048.jpg 1365w, https:\/\/daisyjames.eu\/wp-content\/uploads\/2026\/08\/DJ347-The-Dean-light-3a-edited-1200x1800.jpg 1200w, https:\/\/daisyjames.eu\/wp-content\/uploads\/2026\/08\/DJ347-The-Dean-light-3a-edited-600x900.jpg 600w, https:\/\/daisyjames.eu\/wp-content\/uploads\/2026\/08\/DJ347-The-Dean-light-3a-edited-scaled.jpg 1707w\" sizes=\"auto, (max-width: 683px) 100vw, 683px\" \/><\/a><figcaption class=\"wp-element-caption\">INSPIRATIONEN SCHLAFZIMMER<\/figcaption><\/figure>\n\n\n\n<figure class=\"wp-block-image size-large\"><a href=\"https:\/\/daisyjames.eu\/de\/inspiration-fuer-das-badezimmer\/\"><img loading=\"lazy\" decoding=\"async\" width=\"1024\" height=\"935\" src=\"https:\/\/daisyjames.eu\/wp-content\/uploads\/2025\/09\/DJ383-The-Array-9-1024x935.jpg\" alt=\"\" class=\"wp-image-43810\" style=\"aspect-ratio:1;object-fit:cover\" srcset=\"https:\/\/daisyjames.eu\/wp-content\/uploads\/2025\/09\/DJ383-The-Array-9-1024x935.jpg 1024w, https:\/\/daisyjames.eu\/wp-content\/uploads\/2025\/09\/DJ383-The-Array-9-300x274.jpg 300w, https:\/\/daisyjames.eu\/wp-content\/uploads\/2025\/09\/DJ383-The-Array-9-768x701.jpg 768w, https:\/\/daisyjames.eu\/wp-content\/uploads\/2025\/09\/DJ383-The-Array-9-1536x1403.jpg 1536w, https:\/\/daisyjames.eu\/wp-content\/uploads\/2025\/09\/DJ383-The-Array-9-1200x1096.jpg 1200w, https:\/\/daisyjames.eu\/wp-content\/uploads\/2025\/09\/DJ383-The-Array-9-600x548.jpg 600w, https:\/\/daisyjames.eu\/wp-content\/uploads\/2025\/09\/DJ383-The-Array-9.jpg 1950w\" sizes=\"auto, (max-width: 1024px) 100vw, 1024px\" \/><\/a><figcaption class=\"wp-element-caption\">INSPIRATIONEN BADEZIMMER<\/figcaption><\/figure>\n\n\n\n<figure class=\"wp-block-image size-large wp-duotone-unset-9\"><a href=\"https:\/\/daisyjames.eu\/de\/inspiration-fur-treppenhauser\/\"><img loading=\"lazy\" decoding=\"async\" width=\"684\" height=\"1024\" src=\"https:\/\/daisyjames.eu\/wp-content\/uploads\/2024\/12\/DJ371-The-Lume-1b-684x1024.jpg\" alt=\"\" class=\"wp-image-20970\" style=\"aspect-ratio:1;object-fit:cover\" srcset=\"https:\/\/daisyjames.eu\/wp-content\/uploads\/2024\/12\/DJ371-The-Lume-1b-684x1024.jpg 684w, https:\/\/daisyjames.eu\/wp-content\/uploads\/2024\/12\/DJ371-The-Lume-1b-200x300.jpg 200w, https:\/\/daisyjames.eu\/wp-content\/uploads\/2024\/12\/DJ371-The-Lume-1b-768x1150.jpg 768w, https:\/\/daisyjames.eu\/wp-content\/uploads\/2024\/12\/DJ371-The-Lume-1b-1026x1536.jpg 1026w, https:\/\/daisyjames.eu\/wp-content\/uploads\/2024\/12\/DJ371-The-Lume-1b-1367x2048.jpg 1367w, https:\/\/daisyjames.eu\/wp-content\/uploads\/2024\/12\/DJ371-The-Lume-1b-1200x1797.jpg 1200w, https:\/\/daisyjames.eu\/wp-content\/uploads\/2024\/12\/DJ371-The-Lume-1b-600x899.jpg 600w, https:\/\/daisyjames.eu\/wp-content\/uploads\/2024\/12\/DJ371-The-Lume-1b-scaled.jpg 1709w\" sizes=\"auto, (max-width: 684px) 100vw, 684px\" \/><\/a><figcaption class=\"wp-element-caption\">INSPIRATIONEN TREPPE<\/figcaption><\/figure>\n\n\n\n<figure class=\"wp-block-image size-large wp-duotone-unset-10\"><a href=\"https:\/\/daisyjames.eu\/de\/wohnzimmer-inspiration\/\"><img loading=\"lazy\" decoding=\"async\" width=\"971\" height=\"1024\" src=\"https:\/\/daisyjames.eu\/wp-content\/uploads\/2025\/09\/DJ401-The-Pebbel-browm-1af-971x1024.jpg\" alt=\"\" class=\"wp-image-43811\" style=\"aspect-ratio:1;object-fit:cover\" srcset=\"https:\/\/daisyjames.eu\/wp-content\/uploads\/2025\/09\/DJ401-The-Pebbel-browm-1af-971x1024.jpg 971w, https:\/\/daisyjames.eu\/wp-content\/uploads\/2025\/09\/DJ401-The-Pebbel-browm-1af-285x300.jpg 285w, https:\/\/daisyjames.eu\/wp-content\/uploads\/2025\/09\/DJ401-The-Pebbel-browm-1af-768x810.jpg 768w, https:\/\/daisyjames.eu\/wp-content\/uploads\/2025\/09\/DJ401-The-Pebbel-browm-1af-1457x1536.jpg 1457w, https:\/\/daisyjames.eu\/wp-content\/uploads\/2025\/09\/DJ401-The-Pebbel-browm-1af-1200x1265.jpg 1200w, https:\/\/daisyjames.eu\/wp-content\/uploads\/2025\/09\/DJ401-The-Pebbel-browm-1af-600x633.jpg 600w, https:\/\/daisyjames.eu\/wp-content\/uploads\/2025\/09\/DJ401-The-Pebbel-browm-1af.jpg 1634w\" sizes=\"auto, (max-width: 971px) 100vw, 971px\" \/><\/a><figcaption class=\"wp-element-caption\">INSPIRATIONEN WOHNZIMMER<\/figcaption><\/figure>\n<\/div>\n<\/div>\n<\/div>\n","protected":false},"excerpt":{"rendered":"<p>K\u00fcchen-Inspiration \u201eIn der K\u00fcche wird die Funktion zur Form \u2013 ein Raum, in dem das Design die Rituale des t\u00e4glichen Lebens unterst\u00fctzt.\u201c Die K\u00fcche ist mehr als nur ein Ort zum Kochen. Sie ist das Herz des Zuhauses, wo Menschen zusammenkommen, Momente teilen und Erinnerungen schaffen. Eine gut gestaltete K\u00fcche verbindet Funktionalit\u00e4t mit Atmosph\u00e4re und [&hellip;]<\/p>\n","protected":false},"author":5,"featured_media":43878,"comment_status":"closed","ping_status":"closed","sticky":false,"template":"","format":"standard","meta":{"_acf_changed":false,"footnotes":""},"categories":[440],"tags":[],"class_list":["post-28440","post","type-post","status-publish","format-standard","has-post-thumbnail","hentry","category-unkategorisiert"],"acf":[],"yoast_head":"<!-- This site is optimized with the Yoast SEO Premium plugin v28.3 (Yoast SEO v28.3) - https:\/\/yoast.com\/product\/yoast-seo-premium-wordpress\/ -->\n<title>K\u00fcchen-Wandverkleidungs-Inspiration | daisy james<\/title>\n<meta name=\"description\" content=\"Entdecken Sie K\u00fcchen-Wandverkleidungen von daisy james. Erkunden Sie raffinierte Designs, die Farbe, Charakter und Atmosph\u00e4re ins Herz des Zuhauses bringen.\" \/>\n<meta name=\"robots\" content=\"index, follow, max-snippet:-1, max-image-preview:large, max-video-preview:-1\" \/>\n<link rel=\"canonical\" href=\"https:\/\/daisyjames.eu\/de\/kuecheninspiration\/\" \/>\n<meta property=\"og:locale\" content=\"de_DE\" \/>\n<meta property=\"og:type\" content=\"article\" \/>\n<meta property=\"og:title\" content=\"K\u00fcchen-Inspiration | daisy james\" \/>\n<meta property=\"og:description\" content=\"Entdecken Sie, wie Wandverkleidungen die K\u00fcche verwandeln k\u00f6nnen. Erkunden Sie nat\u00fcrliche Farbt\u00f6ne, ausdrucksstarke Farben und k\u00fchne Designs von daisy james.\" \/>\n<meta property=\"og:url\" content=\"https:\/\/daisyjames.eu\/de\/kuecheninspiration\/\" \/>\n<meta property=\"og:site_name\" content=\"Daisy James\" \/>\n<meta property=\"article:publisher\" content=\"https:\/\/www.facebook.com\/Daisyjamesinteriorwallcovering\/\" \/>\n<meta property=\"article:published_time\" content=\"2025-09-01T12:08:32+00:00\" \/>\n<meta property=\"article:modified_time\" content=\"2026-08-27T20:02:07+00:00\" \/>\n<meta property=\"og:image\" content=\"https:\/\/daisyjames.eu\/wp-content\/uploads\/2025\/12\/DJ393-The-Grid-1abc-1024x936.jpg\" \/>\n<meta name=\"author\" content=\"Agnes Evers\" \/>\n<meta name=\"twitter:card\" content=\"summary_large_image\" \/>\n<meta name=\"twitter:title\" content=\"Inspirationen K\u00fcche\" \/>\n<meta name=\"twitter:creator\" content=\"@daisyjamesinterior\" \/>\n<meta name=\"twitter:site\" content=\"@daisyjamesinterior\" \/>\n<script type=\"application\/ld+json\" class=\"yoast-schema-graph\">{\"@context\":\"https:\\\/\\\/schema.org\",\"@graph\":[{\"@type\":\"Article\",\"@id\":\"https:\\\/\\\/daisyjames.eu\\\/de\\\/kuecheninspiration\\\/#article\",\"isPartOf\":{\"@id\":\"https:\\\/\\\/daisyjames.eu\\\/de\\\/kuecheninspiration\\\/\"},\"author\":{\"name\":\"Agnes Evers\",\"@id\":\"https:\\\/\\\/daisyjames.eu\\\/#\\\/schema\\\/person\\\/495596359a4964367ce49de0a0492f17\"},\"headline\":\"Inspirationen K\u00fcche\",\"datePublished\":\"2025-09-01T12:08:32+00:00\",\"dateModified\":\"2026-08-27T20:02:07+00:00\",\"mainEntityOfPage\":{\"@id\":\"https:\\\/\\\/daisyjames.eu\\\/de\\\/kuecheninspiration\\\/\"},\"wordCount\":782,\"publisher\":{\"@id\":\"https:\\\/\\\/daisyjames.eu\\\/#organization\"},\"image\":{\"@id\":\"https:\\\/\\\/daisyjames.eu\\\/de\\\/kuecheninspiration\\\/#primaryimage\"},\"thumbnailUrl\":\"https:\\\/\\\/daisyjames.eu\\\/wp-content\\\/uploads\\\/2025\\\/12\\\/DJ393-The-Grid-1abc.jpg\",\"articleSection\":[\"Unkategorisiert\"],\"inLanguage\":\"de\"},{\"@type\":\"WebPage\",\"@id\":\"https:\\\/\\\/daisyjames.eu\\\/de\\\/kuecheninspiration\\\/\",\"url\":\"https:\\\/\\\/daisyjames.eu\\\/de\\\/kuecheninspiration\\\/\",\"name\":\"K\u00fcchen-Wandverkleidungs-Inspiration | daisy james\",\"isPartOf\":{\"@id\":\"https:\\\/\\\/daisyjames.eu\\\/#website\"},\"primaryImageOfPage\":{\"@id\":\"https:\\\/\\\/daisyjames.eu\\\/de\\\/kuecheninspiration\\\/#primaryimage\"},\"image\":{\"@id\":\"https:\\\/\\\/daisyjames.eu\\\/de\\\/kuecheninspiration\\\/#primaryimage\"},\"thumbnailUrl\":\"https:\\\/\\\/daisyjames.eu\\\/wp-content\\\/uploads\\\/2025\\\/12\\\/DJ393-The-Grid-1abc.jpg\",\"datePublished\":\"2025-09-01T12:08:32+00:00\",\"dateModified\":\"2026-08-27T20:02:07+00:00\",\"description\":\"Entdecken Sie K\u00fcchen-Wandverkleidungen von daisy james. Erkunden Sie raffinierte Designs, die Farbe, Charakter und Atmosph\u00e4re ins Herz des Zuhauses bringen.\",\"breadcrumb\":{\"@id\":\"https:\\\/\\\/daisyjames.eu\\\/de\\\/kuecheninspiration\\\/#breadcrumb\"},\"inLanguage\":\"de\",\"potentialAction\":[{\"@type\":\"ReadAction\",\"target\":[\"https:\\\/\\\/daisyjames.eu\\\/de\\\/kuecheninspiration\\\/\"]}]},{\"@type\":\"ImageObject\",\"inLanguage\":\"de\",\"@id\":\"https:\\\/\\\/daisyjames.eu\\\/de\\\/kuecheninspiration\\\/#primaryimage\",\"url\":\"https:\\\/\\\/daisyjames.eu\\\/wp-content\\\/uploads\\\/2025\\\/12\\\/DJ393-The-Grid-1abc.jpg\",\"contentUrl\":\"https:\\\/\\\/daisyjames.eu\\\/wp-content\\\/uploads\\\/2025\\\/12\\\/DJ393-The-Grid-1abc.jpg\",\"width\":2510,\"height\":2294},{\"@type\":\"BreadcrumbList\",\"@id\":\"https:\\\/\\\/daisyjames.eu\\\/de\\\/kuecheninspiration\\\/#breadcrumb\",\"itemListElement\":[{\"@type\":\"ListItem\",\"position\":1,\"name\":\"Home\",\"item\":\"https:\\\/\\\/daisyjames.eu\\\/de\\\/\"},{\"@type\":\"ListItem\",\"position\":2,\"name\":\"Inspirationen K\u00fcche\"}]},{\"@type\":\"WebSite\",\"@id\":\"https:\\\/\\\/daisyjames.eu\\\/#website\",\"url\":\"https:\\\/\\\/daisyjames.eu\\\/\",\"name\":\"Daisy James\",\"description\":\"\",\"publisher\":{\"@id\":\"https:\\\/\\\/daisyjames.eu\\\/#organization\"},\"potentialAction\":[{\"@type\":\"SearchAction\",\"target\":{\"@type\":\"EntryPoint\",\"urlTemplate\":\"https:\\\/\\\/daisyjames.eu\\\/?s={search_term_string}\"},\"query-input\":{\"@type\":\"PropertyValueSpecification\",\"valueRequired\":true,\"valueName\":\"search_term_string\"}}],\"inLanguage\":\"de\"},{\"@type\":\"Organization\",\"@id\":\"https:\\\/\\\/daisyjames.eu\\\/#organization\",\"name\":\"Daisy James\",\"url\":\"https:\\\/\\\/daisyjames.eu\\\/\",\"logo\":{\"@type\":\"ImageObject\",\"inLanguage\":\"de\",\"@id\":\"https:\\\/\\\/daisyjames.eu\\\/#\\\/schema\\\/logo\\\/image\\\/\",\"url\":\"https:\\\/\\\/daisyjames.eu\\\/wp-content\\\/uploads\\\/2024\\\/09\\\/LogoDJzwart-1.png\",\"contentUrl\":\"https:\\\/\\\/daisyjames.eu\\\/wp-content\\\/uploads\\\/2024\\\/09\\\/LogoDJzwart-1.png\",\"width\":1125,\"height\":199,\"caption\":\"Daisy James\"},\"image\":{\"@id\":\"https:\\\/\\\/daisyjames.eu\\\/#\\\/schema\\\/logo\\\/image\\\/\"},\"sameAs\":[\"https:\\\/\\\/www.facebook.com\\\/Daisyjamesinteriorwallcovering\\\/\",\"https:\\\/\\\/x.com\\\/daisyjamesinterior\",\"https:\\\/\\\/pinterest.com\\\/daisyjameswallcovers\\\/\",\"https:\\\/\\\/nl.linkedin.com\\\/company\\\/d-a-i-s-y-j-a-m-e-s-interior-collection\"]},{\"@type\":\"Person\",\"@id\":\"https:\\\/\\\/daisyjames.eu\\\/#\\\/schema\\\/person\\\/495596359a4964367ce49de0a0492f17\",\"name\":\"Agnes Evers\",\"image\":{\"@type\":\"ImageObject\",\"inLanguage\":\"de\",\"@id\":\"https:\\\/\\\/secure.gravatar.com\\\/avatar\\\/fcda1337b341734457cc80a251de74cdc29ae1d61b686353563fdb75ca28b7fd?s=96&d=mm&r=g\",\"url\":\"https:\\\/\\\/secure.gravatar.com\\\/avatar\\\/fcda1337b341734457cc80a251de74cdc29ae1d61b686353563fdb75ca28b7fd?s=96&d=mm&r=g\",\"contentUrl\":\"https:\\\/\\\/secure.gravatar.com\\\/avatar\\\/fcda1337b341734457cc80a251de74cdc29ae1d61b686353563fdb75ca28b7fd?s=96&d=mm&r=g\",\"caption\":\"Agnes Evers\"},\"url\":\"https:\\\/\\\/daisyjames.eu\\\/de\\\/author\\\/daisyjamesagnes\\\/\"}]}<\/script>\n<!-- \/ Yoast SEO Premium plugin. -->","yoast_head_json":{"title":"K\u00fcchen-Wandverkleidungs-Inspiration | daisy james","description":"Entdecken Sie K\u00fcchen-Wandverkleidungen von daisy james. Erkunden Sie raffinierte Designs, die Farbe, Charakter und Atmosph\u00e4re ins Herz des Zuhauses bringen.","robots":{"index":"index","follow":"follow","max-snippet":"max-snippet:-1","max-image-preview":"max-image-preview:large","max-video-preview":"max-video-preview:-1"},"canonical":"https:\/\/daisyjames.eu\/de\/kuecheninspiration\/","og_locale":"de_DE","og_type":"article","og_title":"K\u00fcchen-Inspiration | daisy james","og_description":"Entdecken Sie, wie Wandverkleidungen die K\u00fcche verwandeln k\u00f6nnen. Erkunden Sie nat\u00fcrliche Farbt\u00f6ne, ausdrucksstarke Farben und k\u00fchne Designs von daisy james.","og_url":"https:\/\/daisyjames.eu\/de\/kuecheninspiration\/","og_site_name":"Daisy James","article_publisher":"https:\/\/www.facebook.com\/Daisyjamesinteriorwallcovering\/","article_published_time":"2025-09-01T12:08:32+00:00","article_modified_time":"2026-08-27T20:02:07+00:00","og_image":[{"url":"https:\/\/daisyjames.eu\/wp-content\/uploads\/2025\/12\/DJ393-The-Grid-1abc-1024x936.jpg","type":"","width":"","height":""}],"author":"Agnes Evers","twitter_card":"summary_large_image","twitter_title":"Inspirationen K\u00fcche","twitter_creator":"@daisyjamesinterior","twitter_site":"@daisyjamesinterior","schema":{"@context":"https:\/\/schema.org","@graph":[{"@type":"Article","@id":"https:\/\/daisyjames.eu\/de\/kuecheninspiration\/#article","isPartOf":{"@id":"https:\/\/daisyjames.eu\/de\/kuecheninspiration\/"},"author":{"name":"Agnes Evers","@id":"https:\/\/daisyjames.eu\/#\/schema\/person\/495596359a4964367ce49de0a0492f17"},"headline":"Inspirationen K\u00fcche","datePublished":"2025-09-01T12:08:32+00:00","dateModified":"2026-08-27T20:02:07+00:00","mainEntityOfPage":{"@id":"https:\/\/daisyjames.eu\/de\/kuecheninspiration\/"},"wordCount":782,"publisher":{"@id":"https:\/\/daisyjames.eu\/#organization"},"image":{"@id":"https:\/\/daisyjames.eu\/de\/kuecheninspiration\/#primaryimage"},"thumbnailUrl":"https:\/\/daisyjames.eu\/wp-content\/uploads\/2025\/12\/DJ393-The-Grid-1abc.jpg","articleSection":["Unkategorisiert"],"inLanguage":"de"},{"@type":"WebPage","@id":"https:\/\/daisyjames.eu\/de\/kuecheninspiration\/","url":"https:\/\/daisyjames.eu\/de\/kuecheninspiration\/","name":"K\u00fcchen-Wandverkleidungs-Inspiration | daisy james","isPartOf":{"@id":"https:\/\/daisyjames.eu\/#website"},"primaryImageOfPage":{"@id":"https:\/\/daisyjames.eu\/de\/kuecheninspiration\/#primaryimage"},"image":{"@id":"https:\/\/daisyjames.eu\/de\/kuecheninspiration\/#primaryimage"},"thumbnailUrl":"https:\/\/daisyjames.eu\/wp-content\/uploads\/2025\/12\/DJ393-The-Grid-1abc.jpg","datePublished":"2025-09-01T12:08:32+00:00","dateModified":"2026-08-27T20:02:07+00:00","description":"Entdecken Sie K\u00fcchen-Wandverkleidungen von daisy james. Erkunden Sie raffinierte Designs, die Farbe, Charakter und Atmosph\u00e4re ins Herz des Zuhauses bringen.","breadcrumb":{"@id":"https:\/\/daisyjames.eu\/de\/kuecheninspiration\/#breadcrumb"},"inLanguage":"de","potentialAction":[{"@type":"ReadAction","target":["https:\/\/daisyjames.eu\/de\/kuecheninspiration\/"]}]},{"@type":"ImageObject","inLanguage":"de","@id":"https:\/\/daisyjames.eu\/de\/kuecheninspiration\/#primaryimage","url":"https:\/\/daisyjames.eu\/wp-content\/uploads\/2025\/12\/DJ393-The-Grid-1abc.jpg","contentUrl":"https:\/\/daisyjames.eu\/wp-content\/uploads\/2025\/12\/DJ393-The-Grid-1abc.jpg","width":2510,"height":2294},{"@type":"BreadcrumbList","@id":"https:\/\/daisyjames.eu\/de\/kuecheninspiration\/#breadcrumb","itemListElement":[{"@type":"ListItem","position":1,"name":"Home","item":"https:\/\/daisyjames.eu\/de\/"},{"@type":"ListItem","position":2,"name":"Inspirationen K\u00fcche"}]},{"@type":"WebSite","@id":"https:\/\/daisyjames.eu\/#website","url":"https:\/\/daisyjames.eu\/","name":"Daisy James","description":"","publisher":{"@id":"https:\/\/daisyjames.eu\/#organization"},"potentialAction":[{"@type":"SearchAction","target":{"@type":"EntryPoint","urlTemplate":"https:\/\/daisyjames.eu\/?s={search_term_string}"},"query-input":{"@type":"PropertyValueSpecification","valueRequired":true,"valueName":"search_term_string"}}],"inLanguage":"de"},{"@type":"Organization","@id":"https:\/\/daisyjames.eu\/#organization","name":"Daisy James","url":"https:\/\/daisyjames.eu\/","logo":{"@type":"ImageObject","inLanguage":"de","@id":"https:\/\/daisyjames.eu\/#\/schema\/logo\/image\/","url":"https:\/\/daisyjames.eu\/wp-content\/uploads\/2024\/09\/LogoDJzwart-1.png","contentUrl":"https:\/\/daisyjames.eu\/wp-content\/uploads\/2024\/09\/LogoDJzwart-1.png","width":1125,"height":199,"caption":"Daisy James"},"image":{"@id":"https:\/\/daisyjames.eu\/#\/schema\/logo\/image\/"},"sameAs":["https:\/\/www.facebook.com\/Daisyjamesinteriorwallcovering\/","https:\/\/x.com\/daisyjamesinterior","https:\/\/pinterest.com\/daisyjameswallcovers\/","https:\/\/nl.linkedin.com\/company\/d-a-i-s-y-j-a-m-e-s-interior-collection"]},{"@type":"Person","@id":"https:\/\/daisyjames.eu\/#\/schema\/person\/495596359a4964367ce49de0a0492f17","name":"Agnes Evers","image":{"@type":"ImageObject","inLanguage":"de","@id":"https:\/\/secure.gravatar.com\/avatar\/fcda1337b341734457cc80a251de74cdc29ae1d61b686353563fdb75ca28b7fd?s=96&d=mm&r=g","url":"https:\/\/secure.gravatar.com\/avatar\/fcda1337b341734457cc80a251de74cdc29ae1d61b686353563fdb75ca28b7fd?s=96&d=mm&r=g","contentUrl":"https:\/\/secure.gravatar.com\/avatar\/fcda1337b341734457cc80a251de74cdc29ae1d61b686353563fdb75ca28b7fd?s=96&d=mm&r=g","caption":"Agnes Evers"},"url":"https:\/\/daisyjames.eu\/de\/author\/daisyjamesagnes\/"}]}},"_links":{"self":[{"href":"https:\/\/daisyjames.eu\/de\/wp-json\/wp\/v2\/posts\/28440","targetHints":{"allow":["GET"]}}],"collection":[{"href":"https:\/\/daisyjames.eu\/de\/wp-json\/wp\/v2\/posts"}],"about":[{"href":"https:\/\/daisyjames.eu\/de\/wp-json\/wp\/v2\/types\/post"}],"author":[{"embeddable":true,"href":"https:\/\/daisyjames.eu\/de\/wp-json\/wp\/v2\/users\/5"}],"replies":[{"embeddable":true,"href":"https:\/\/daisyjames.eu\/de\/wp-json\/wp\/v2\/comments?post=28440"}],"version-history":[{"count":29,"href":"https:\/\/daisyjames.eu\/de\/wp-json\/wp\/v2\/posts\/28440\/revisions"}],"predecessor-version":[{"id":45415,"href":"https:\/\/daisyjames.eu\/de\/wp-json\/wp\/v2\/posts\/28440\/revisions\/45415"}],"wp:featuredmedia":[{"embeddable":true,"href":"https:\/\/daisyjames.eu\/de\/wp-json\/wp\/v2\/media\/43878"}],"wp:attachment":[{"href":"https:\/\/daisyjames.eu\/de\/wp-json\/wp\/v2\/media?parent=28440"}],"wp:term":[{"taxonomy":"category","embeddable":true,"href":"https:\/\/daisyjames.eu\/de\/wp-json\/wp\/v2\/categories?post=28440"},{"taxonomy":"post_tag","embeddable":true,"href":"https:\/\/daisyjames.eu\/de\/wp-json\/wp\/v2\/tags?post=28440"}],"curies":[{"name":"wp","href":"https:\/\/api.w.org\/{rel}","templated":true}]}}